{"id":4841,"date":"2024-08-05T19:21:53","date_gmt":"2024-08-05T19:21:53","guid":{"rendered":"https:\/\/vagasdecursos.com\/?p=4841"},"modified":"2025-04-25T01:12:43","modified_gmt":"2025-04-25T01:12:43","slug":"como-elaborar-un-curriculum-excepcional","status":"publish","type":"post","link":"https:\/\/vagasdecursos.com\/pt\/como-elaborar-un-curriculum-excepcional\/","title":{"rendered":"Curr\u00edculo Excepcional: Estrat\u00e9gias para Destacar em 2024"},"content":{"rendered":"<!--advertisement--><div class=\"mx-5 sm:mx-0 sm:text-3xl text-2xl font-medium title-font mb-4 text-gray-900 text-left\">\n<h2 class=\"wp-block-heading\">Estrat\u00e9gias para se destacar no Mercado Laboral: Elaborar um Curr\u00edculo Imbat\u00edvel<\/h2>\n<\/div><!--image--><div class=\"px-5 sm:px-0 sm:w-[800px] sm:ml-[50%] sm:-translate-x-2\/4 rounded-lg overflow-hidden mb-5 text-center\">\n<figure class=\"wp-block-image size-full\"><img decoding=\"async\" width=\"800\" height=\"384\" loading=\"lazy\" src=\"http:\/\/vagasdecursos.com\/wp-content\/uploads\/sites\/112\/2024\/08\/Curriculum-Excepcional-4.png\" alt=\"Curr\u00edculum Excepcional\" class=\"w-full object-cover object-center border mx-auto wp-image-4847\" srcset=\"https:\/\/vagasdecursos.com\/wp-content\/uploads\/sites\/112\/2024\/08\/Curriculum-Excepcional-4.png 800w, https:\/\/vagasdecursos.com\/wp-content\/uploads\/sites\/112\/2024\/08\/Curriculum-Excepcional-4-300x144.png 300w, https:\/\/vagasdecursos.com\/wp-content\/uploads\/sites\/112\/2024\/08\/Curriculum-Excepcional-4-768x369.png 768w\" sizes=\"(max-width: 800px) 100vw, 800px\" \/><figcaption class=\"mt-5 text-xs text-center border-b pb-4\">Com esses conselhos, seu curr\u00edculo brilhar\u00e1 entre os demais. Fonte: Canva Pro.<\/figcaption><\/figure>\n<\/div><!--image--><div class=\"mx-5 sm:mx-0 prose leading-relaxed text-lg mb-5 text-left wp-paragraph\">\n<p>No competitivo mundo laboral de hoje, ter um curr\u00edculo bem concebido \u00e9 fundamental para atrair a aten\u00e7\u00e3o dos empregadores.<\/p>\n<\/div><div class=\"mx-5 sm:mx-0 prose leading-relaxed text-lg mb-5 text-left wp-paragraph\">\n<p>Mas, como voc\u00ea lograr que seu destaque entre tantos outros? N\u00e3o te preocupes! Voc\u00ea compara alguns conselhos para criar um curr\u00edculo que voc\u00ea precisa para esse emprego que tanto deseja.<\/p>\n<\/div><!--advertisement--><div class=\"mx-5 sm:mx-0 sm:text-3xl text-2xl font-medium title-font mb-4 text-gray-900 text-left\">\n<h2 class=\"wp-block-heading\" id=\"h-1-selecciona-un-formato-claro-y-profesional\">1. <strong>Seleciona um Formato Claro e Profissional<\/strong><\/h2>\n<\/div><div class=\"mx-5 sm:mx-0 prose leading-relaxed text-lg mb-5 text-left wp-paragraph\">\n<p>O primeiro passo para criar um curr\u00edculo impactante \u00e9 eleger um formato que seja f\u00e1cil de ler e visualmente atraente. Aqui voc\u00ea tem algumas recomenda\u00e7\u00f5es:<\/p>\n<\/div><div class=\"mx-5 sm:mx-0 prose text-left mb-5\">\n<ul><div class=\"mx-5 sm:mx-0 prose text-left mb-5\">\n<li><strong>Ordem cronol\u00f3gica inversa<\/strong>: Comece com seu emprego mais recente e volte atr\u00e1s no tempo. Isso facilita que os reclutadores sigam sua trajet\u00f3ria profissional.<\/li>\n<\/div>\n\n<div class=\"mx-5 sm:mx-0 prose text-left mb-5\">\n<li><strong>Design simples e elegante<\/strong>: Evite o uso de cores chamadas ou tipografias complicadas. Um estilo limpo e profissional sempre ser\u00e1 mais eficaz.<\/li>\n<\/div>\n\n<div class=\"mx-5 sm:mx-0 prose text-left mb-5\">\n<li><strong>Divis\u00e3o em se\u00e7\u00f5es<\/strong>: Organiza seu curr\u00edculo em se\u00e7\u00f5es bem definidas, como \u201cExperi\u00eancia Laboral\u201d, \u201cEduca\u00e7\u00e3o\u201d e \u201cHabilidades\u201d. Isso permitir\u00e1 que o leitor encontre facilmente as informa\u00e7\u00f5es relevantes.<\/li>\n<\/div><\/ul>\n<\/div><!--advertisement--><div class=\"mx-5 sm:mx-0 sm:text-3xl text-2xl font-medium title-font mb-4 text-gray-900 text-left\">\n<h2 class=\"wp-block-heading\" id=\"h-2-enfatiza-tus-logros-no-solo-tus-responsabilidades\">2. <strong>Enfatiza seus Logros, No Solo suas Responsabilidades<\/strong><\/h2>\n<\/div><div class=\"mx-5 sm:mx-0 prose leading-relaxed text-lg mb-5 text-left wp-paragraph\">\n<p>\u00c9 importante n\u00e3o apenas descrever o que acontece em cada cidade, mas tamb\u00e9m como contribuir para o sucesso da empresa.<\/p>\n<\/div><div class=\"mx-5 sm:mx-0 prose text-left mb-5\">\n<ul><div class=\"mx-5 sm:mx-0 prose text-left mb-5\">\n<li><strong><strong>Quanto custa seus logros para impressionar<\/strong>: <\/strong>N\u00e3o h\u00e1 limites para listar suas responsabilidades; melhor mostra como seus esportes apresentam uma diferen\u00e7a real. Imagine que, gra\u00e7as \u00e0 sua estrat\u00e9gia, as vendas subiram como a espuma, em 20% em apenas tr\u00eas meses! Isso \u00e9 algo que nenhum reclutador poder\u00e1 ignorar.<\/li>\n<\/div>\n\n<div class=\"mx-5 sm:mx-0 prose text-left mb-5\">\n<li><strong>Demonstre seu valor<\/strong>: Explica como seus logros ser\u00e3o beneficiados por sua equipe ou organiza\u00e7\u00e3o. Isso \u00e9 o que realmente importa para os empregadores.<\/li>\n<\/div><\/ul>\n<\/div><!--advertisement--><div class=\"mx-5 sm:mx-0 sm:text-3xl text-2xl font-medium title-font mb-4 text-gray-900 text-left\">\n<h2 class=\"wp-block-heading\" id=\"h-3-personaliza-tu-curriculum-para-cada-postulacion\">3. <strong>Personalize seu curr\u00edculo para cada postula\u00e7\u00e3o<\/strong><\/h2>\n<\/div><div class=\"mx-5 sm:mx-0 prose leading-relaxed text-lg mb-5 text-left wp-paragraph\">\n<p>Nenhum trabalho \u00e9 igual, e seu curr\u00edculo tamb\u00e9m deveria ser bom. Ajuste seu curr\u00edculo para real\u00e7ar habilidades e experi\u00eancias mais relevantes dependendo da oferta de trabalho.<\/p>\n<\/div><div class=\"mx-5 sm:mx-0 prose text-left mb-5\">\n<ul><div class=\"mx-5 sm:mx-0 prose text-left mb-5\">\n<li><strong>Estude a descri\u00e7\u00e3o do emprego<\/strong>: Identifique as compet\u00eancias chaves que voc\u00ea busca e garanta que seu curr\u00edculo reflita.<\/li>\n<\/div>\n\n<div class=\"mx-5 sm:mx-0 prose text-left mb-5\">\n<li><strong>seu perfil profissional<\/strong>: Inclui um breve curr\u00edculo que captura sua ess\u00eancia profissional e o que voc\u00ea pode oferecer. Adapte-o de acordo com a posi\u00e7\u00e3o que voc\u00ea est\u00e1 aplicando.<\/li>\n<\/div><\/ul>\n<\/div><!--advertisement--><div class=\"mx-5 sm:mx-0 sm:text-3xl text-2xl font-medium title-font mb-4 text-gray-900 text-left\">\n<h2 class=\"wp-block-heading\" id=\"h-4-incorpora-palabras-clave-importantes\">4. <strong>Incorpora Palabras Clave Importantes<\/strong><\/h2>\n<\/div><div class=\"mx-5 sm:mx-0 prose leading-relaxed text-lg mb-5 text-left wp-paragraph\">\n<p>Muitas empresas utilizam sistemas autom\u00e1ticos para filtrar curr\u00edculos antes de falar com pessoas humanas. Para superar esses filtros, \u00e9 crucial incluir as palavras-chave adequadas.<\/p>\n<\/div><div class=\"mx-5 sm:mx-0 prose text-left mb-5\">\n<ul><div class=\"mx-5 sm:mx-0 prose text-left mb-5\">\n<li><strong>Analiza la oferta de trabajo<\/strong>: Encontre palavras ou frases mais destacadas e \u00fateis em seu curr\u00edculo de maneira natural.<\/li>\n<\/div>\n\n<div class=\"mx-5 sm:mx-0 prose text-left mb-5\">\n<li><strong>Sem abusos, mas \u00e9 estrat\u00e9gico<\/strong>: N\u00e3o se trata de preencher seu curr\u00edculo de palavras chaves, nem de utiliz\u00e1-las de maneira efetiva e relevante.<\/li>\n<\/div><\/ul>\n<\/div><!--advertisement--><div class=\"mx-5 sm:mx-0 sm:text-3xl text-2xl font-medium title-font mb-4 text-gray-900 text-left\">\n<h2 class=\"wp-block-heading\" id=\"h-5-no-olvides-las-habilidades-blandas\">5. <strong>N\u00e3o Olvides las Habilidades Bladas<\/strong><\/h2>\n<\/div><!--image--><div class=\"px-5 sm:px-0 sm:w-[800px] sm:ml-[50%] sm:-translate-x-2\/4 rounded-lg overflow-hidden mb-5 text-center\">\n<figure class=\"wp-block-image size-full\"><img decoding=\"async\" width=\"800\" height=\"384\" loading=\"lazy\" src=\"http:\/\/vagasdecursos.com\/wp-content\/uploads\/sites\/112\/2024\/08\/Curriculum-Excepcional-3.png\" alt=\"Curr\u00edculum Excepcional\" class=\"w-full object-cover object-center border mx-auto wp-image-4850\" srcset=\"https:\/\/vagasdecursos.com\/wp-content\/uploads\/sites\/112\/2024\/08\/Curriculum-Excepcional-3.png 800w, https:\/\/vagasdecursos.com\/wp-content\/uploads\/sites\/112\/2024\/08\/Curriculum-Excepcional-3-300x144.png 300w, https:\/\/vagasdecursos.com\/wp-content\/uploads\/sites\/112\/2024\/08\/Curriculum-Excepcional-3-768x369.png 768w\" sizes=\"(max-width: 800px) 100vw, 800px\" \/><figcaption class=\"mt-5 text-xs text-center border-b pb-4\">Seu curr\u00edculo \u00e9 a porta de entrada para oportunidades trabalhistas! Fonte: Canva Pro.<\/figcaption><\/figure>\n<\/div><!--image--><div class=\"mx-5 sm:mx-0 prose leading-relaxed text-lg mb-5 text-left wp-paragraph\">\n<p>Hoje, n\u00e3o basta ser um t\u00e9cnico especialista; as habilidades suaves s\u00e3o aquelas que realmente marcam o diferencial no trabalho.<\/p>\n<\/div><div class=\"mx-5 sm:mx-0 prose leading-relaxed text-lg mb-5 text-left wp-paragraph\">\n<p>Desde a comunica\u00e7\u00e3o efetivamente at\u00e9 a capacidade de trabalho na equipe, essas compet\u00eancias s\u00e3o o novo ouro no ambiente laboral.<\/p>\n<\/div><div class=\"mx-5 sm:mx-0 prose leading-relaxed text-lg mb-5 text-left wp-paragraph\">\n<p><strong>Habilidades suaves em a\u00e7\u00e3o<\/strong>: Imagine que voc\u00ea \u00e9 como um camale\u00e3o no trabalho, adaptando-se a cada situa\u00e7\u00e3o com facilidade. Ou voc\u00ea tem a habilidade de resolver conflitos como quem deseja um nada complicado, com paci\u00eancia e precis\u00e3o.<\/p>\n<\/div><div class=\"mx-5 sm:mx-0 prose leading-relaxed text-lg mb-5 text-left wp-paragraph\">\n<p>E se falamos de lideran\u00e7a, \u00e9 a pessoa que, no meio do caos, sabe guiar todos at\u00e9 a meta. N\u00e3o h\u00e1 apenas men\u00e7\u00f5es; mostre como as coisas foram feitas na pr\u00e1tica no seu dia a dia de trabalho.<\/p>\n<\/div><!--advertisement--><div class=\"mx-5 sm:mx-0 sm:text-3xl text-2xl font-medium title-font mb-4 text-gray-900 text-left\">\n<h2 class=\"wp-block-heading\" id=\"h-6-revisa-y-corrige-detalladamente\">6. <strong>Revis\u00e3o e corre\u00e7\u00e3o detalhadamente<\/strong><\/h2>\n<\/div><div class=\"mx-5 sm:mx-0 prose leading-relaxed text-lg mb-5 text-left wp-paragraph\">\n<p>Um curr\u00edculo sem erros \u00e9 essencial. Dedique tempo a revisar cada detalhe antes de envi\u00e1-lo.<\/p>\n<\/div><div class=\"mx-5 sm:mx-0 prose text-left mb-5\">\n<ul><div class=\"mx-5 sm:mx-0 prose text-left mb-5\">\n<li><strong><strong>Busca una segunda opini\u00f3n<\/strong>: <\/strong>\u00c0s vezes, um novo par de olhos pode capturar essas pequenas fatias que voc\u00ea escapa. Como disse o dito, \u201cquatro olhos s\u00e3o mais do que dois\u201d, para que nenhum cara pe\u00e7a a algu\u00e9m de confian\u00e7a que revise seu curr\u00edculo antes de envi\u00e1-lo.<\/li>\n<\/div>\n\n<div class=\"mx-5 sm:mx-0 prose text-left mb-5\">\n<li><strong>Use ferramentas de corre\u00e7\u00e3o<\/strong>: Certifique-se de que a ortografia e a gram\u00e1tica sejam impec\u00e1veis, utilizando ferramentas on-line.<\/li>\n<\/div><\/ul>\n<\/div><!--advertisement--><div class=\"mx-5 sm:mx-0 sm:text-3xl text-2xl font-medium title-font mb-4 text-gray-900 text-left\">\n<h2 class=\"wp-block-heading\" id=\"h-7-manten-tu-curriculum-actualizado\">7. <strong>Mantenha seu Curr\u00edculo Atualizado<\/strong><\/h2>\n<\/div><div class=\"mx-5 sm:mx-0 prose leading-relaxed text-lg mb-5 text-left wp-paragraph\">\n<p>O mercado laboral mudou rapidamente e seu curr\u00edculo deve refletir essas mudan\u00e7as. Atualizado com regularidade para que voc\u00ea sempre esteja no dia.<\/p>\n<\/div><div class=\"mx-5 sm:mx-0 prose text-left mb-5\">\n<ul><div class=\"mx-5 sm:mx-0 prose text-left mb-5\">\n<li><strong>Ganhe novos logros e habilidades<\/strong>: Cada vez que voc\u00ea adquirir uma nova habilidade ou lograr algo importante em sua carreira, agregue-se ao seu curr\u00edculo.<\/li>\n<\/div>\n\n<div class=\"mx-5 sm:mx-0 prose text-left mb-5\">\n<li><strong>Eliminar o irrelevante<\/strong>: \u00c0 medida que voc\u00ea avan\u00e7a em sua carreira, algumas experi\u00eancias podem voltar a ser menos relevantes. N\u00e3o h\u00e1 caras que fa\u00e7am ajustes para manter seu curr\u00edculo conciso e focado.<\/li>\n<\/div><\/ul>\n<\/div><div class=\"mx-5 sm:mx-0 prose leading-relaxed text-lg mb-5 text-left wp-paragraph\">\n<p>Criar um curr\u00edculo que se destaque requer esfor\u00e7o e aten\u00e7\u00e3o aos detalhes, mas os resultados valem a pena.<\/p>\n<\/div><div class=\"mx-5 sm:mx-0 prose leading-relaxed text-lg mb-5 text-left wp-paragraph\">\n<p>Seguindo esses conselhos, voc\u00ea estar\u00e1 melhor preparado para captar a aten\u00e7\u00e3o dos empregadores e avan\u00e7ar em sua carreira profissional. \u00a1Muito sucesso na sua procura de emprego!<\/p>\n<\/div>","protected":false},"excerpt":{"rendered":"<p>Seu curr\u00edculo pode ser o diferencial para conseguir o trabalho de seus sonhos. Descubra como melhor\u00e1-lo.<\/p>","protected":false},"author":17,"featured_media":4849,"comment_status":"open","ping_status":"open","sticky":false,"template":"","format":"standard","meta":{"footnotes":""},"categories":[12],"tags":[26,54,55,56],"yoast_head":"<!-- This site is optimized with the Yoast SEO plugin v23.3 - https:\/\/yoast.com\/wordpress\/plugins\/seo\/ -->\n<title>Curr\u00edculum Excepcional: Estrategias para Destacarse en 2024 - Vagas de Cursos<\/title>\n<meta name=\"description\" content=\"\u00bfQuieres destacar en el mercado laboral? Aprende c\u00f3mo elaborar un curr\u00edculum excepcional y aumente tus posibilidades de conseguir entrevistas.\" \/>\n<meta name=\"robots\" content=\"index, follow, max-snippet:-1, max-image-preview:large, max-video-preview:-1\" \/>\n<link rel=\"canonical\" href=\"https:\/\/vagasdecursos.com\/pt\/como-elaborar-un-curriculum-excepcional\/\" \/>\n<meta property=\"og:locale\" content=\"pt_BR\" \/>\n<meta property=\"og:type\" content=\"article\" \/>\n<meta property=\"og:title\" content=\"Curr\u00edculum Excepcional: Estrategias para Destacarse en 2024 - Vagas de Cursos\" \/>\n<meta property=\"og:description\" content=\"\u00bfQuieres destacar en el mercado laboral? Aprende c\u00f3mo elaborar un curr\u00edculum excepcional y aumente tus posibilidades de conseguir entrevistas.\" \/>\n<meta property=\"og:url\" content=\"https:\/\/vagasdecursos.com\/pt\/como-elaborar-un-curriculum-excepcional\/\" \/>\n<meta property=\"og:site_name\" content=\"Vagas de Cursos\" \/>\n<meta property=\"article:published_time\" content=\"2024-08-05T19:21:53+00:00\" \/>\n<meta property=\"article:modified_time\" content=\"2025-04-25T01:12:43+00:00\" \/>\n<meta property=\"og:image\" content=\"https:\/\/vagasdecursos.com\/wp-content\/uploads\/sites\/112\/2024\/08\/Curriculum-Excepcional-2.png\" \/>\n\t<meta property=\"og:image:width\" content=\"800\" \/>\n\t<meta property=\"og:image:height\" content=\"384\" \/>\n\t<meta property=\"og:image:type\" content=\"image\/png\" \/>\n<meta name=\"author\" content=\"Julia Bermudez\" \/>\n<meta name=\"twitter:card\" content=\"summary_large_image\" \/>\n<meta name=\"twitter:label1\" content=\"Written by\" \/>\n\t<meta name=\"twitter:data1\" content=\"Julia Bermudez\" \/>\n\t<meta name=\"twitter:label2\" content=\"Est. reading time\" \/>\n\t<meta name=\"twitter:data2\" content=\"5 minutos\" \/>\n<script type=\"application\/ld+json\" class=\"yoast-schema-graph\">{\"@context\":\"https:\/\/schema.org\",\"@graph\":[{\"@type\":\"WebPage\",\"@id\":\"https:\/\/vagasdecursos.com\/como-elaborar-un-curriculum-excepcional\/\",\"url\":\"https:\/\/vagasdecursos.com\/como-elaborar-un-curriculum-excepcional\/\",\"name\":\"Curr\u00edculum Excepcional: Estrategias para Destacarse en 2024 - Vagas de Cursos\",\"isPartOf\":{\"@id\":\"https:\/\/vagasdecursos.com\/#website\"},\"primaryImageOfPage\":{\"@id\":\"https:\/\/vagasdecursos.com\/como-elaborar-un-curriculum-excepcional\/#primaryimage\"},\"image\":{\"@id\":\"https:\/\/vagasdecursos.com\/como-elaborar-un-curriculum-excepcional\/#primaryimage\"},\"thumbnailUrl\":\"https:\/\/vagasdecursos.com\/wp-content\/uploads\/sites\/112\/2024\/08\/Curriculum-Excepcional-2.png\",\"datePublished\":\"2024-08-05T19:21:53+00:00\",\"dateModified\":\"2025-04-25T01:12:43+00:00\",\"author\":{\"@id\":\"https:\/\/vagasdecursos.com\/#\/schema\/person\/2688ca21b7b97a266539a00d04ac6f44\"},\"description\":\"\u00bfQuieres destacar en el mercado laboral? Aprende c\u00f3mo elaborar un curr\u00edculum excepcional y aumente tus posibilidades de conseguir entrevistas.\",\"breadcrumb\":{\"@id\":\"https:\/\/vagasdecursos.com\/como-elaborar-un-curriculum-excepcional\/#breadcrumb\"},\"inLanguage\":\"pt-BR\",\"potentialAction\":[{\"@type\":\"ReadAction\",\"target\":[\"https:\/\/vagasdecursos.com\/como-elaborar-un-curriculum-excepcional\/\"]}]},{\"@type\":\"ImageObject\",\"inLanguage\":\"pt-BR\",\"@id\":\"https:\/\/vagasdecursos.com\/como-elaborar-un-curriculum-excepcional\/#primaryimage\",\"url\":\"https:\/\/vagasdecursos.com\/wp-content\/uploads\/sites\/112\/2024\/08\/Curriculum-Excepcional-2.png\",\"contentUrl\":\"https:\/\/vagasdecursos.com\/wp-content\/uploads\/sites\/112\/2024\/08\/Curriculum-Excepcional-2.png\",\"width\":800,\"height\":384,\"caption\":\"Fuente: Canva Pro.\"},{\"@type\":\"BreadcrumbList\",\"@id\":\"https:\/\/vagasdecursos.com\/como-elaborar-un-curriculum-excepcional\/#breadcrumb\",\"itemListElement\":[{\"@type\":\"ListItem\",\"position\":1,\"name\":\"Home\",\"item\":\"https:\/\/vagasdecursos.com\/\"},{\"@type\":\"ListItem\",\"position\":2,\"name\":\"Curr\u00edculum Excepcional: Estrategias para Destacarse en 2024\"}]},{\"@type\":\"WebSite\",\"@id\":\"https:\/\/vagasdecursos.com\/#website\",\"url\":\"https:\/\/vagasdecursos.com\/\",\"name\":\"Vagas de Cursos\",\"description\":\"\",\"potentialAction\":[{\"@type\":\"SearchAction\",\"target\":{\"@type\":\"EntryPoint\",\"urlTemplate\":\"https:\/\/vagasdecursos.com\/?s={search_term_string}\"},\"query-input\":\"required name=search_term_string\"}],\"inLanguage\":\"pt-BR\"},{\"@type\":\"Person\",\"@id\":\"https:\/\/vagasdecursos.com\/#\/schema\/person\/2688ca21b7b97a266539a00d04ac6f44\",\"name\":\"Julia Bermudez\",\"image\":{\"@type\":\"ImageObject\",\"inLanguage\":\"pt-BR\",\"@id\":\"https:\/\/vagasdecursos.com\/#\/schema\/person\/image\/\",\"url\":\"https:\/\/secure.gravatar.com\/avatar\/730b4565e517c1fbb8f4311793aaad25?s=96&d=mm&r=g\",\"contentUrl\":\"https:\/\/secure.gravatar.com\/avatar\/730b4565e517c1fbb8f4311793aaad25?s=96&d=mm&r=g\",\"caption\":\"Julia Bermudez\"},\"url\":\"https:\/\/vagasdecursos.com\/pt\/author\/julia-bermudez\/\"}]}<\/script>\n<!-- \/ Yoast SEO plugin. -->","yoast_head_json":{"title":"Curr\u00edculum Excepcional: Estrategias para Destacarse en 2024 - Vagas de Cursos","description":"\u00bfQuieres destacar en el mercado laboral? Aprende c\u00f3mo elaborar un curr\u00edculum excepcional y aumente tus posibilidades de conseguir entrevistas.","robots":{"index":"index","follow":"follow","max-snippet":"max-snippet:-1","max-image-preview":"max-image-preview:large","max-video-preview":"max-video-preview:-1"},"canonical":"https:\/\/vagasdecursos.com\/pt\/como-elaborar-un-curriculum-excepcional\/","og_locale":"pt_BR","og_type":"article","og_title":"Curr\u00edculum Excepcional: Estrategias para Destacarse en 2024 - Vagas de Cursos","og_description":"\u00bfQuieres destacar en el mercado laboral? Aprende c\u00f3mo elaborar un curr\u00edculum excepcional y aumente tus posibilidades de conseguir entrevistas.","og_url":"https:\/\/vagasdecursos.com\/pt\/como-elaborar-un-curriculum-excepcional\/","og_site_name":"Vagas de Cursos","article_published_time":"2024-08-05T19:21:53+00:00","article_modified_time":"2025-04-25T01:12:43+00:00","og_image":[{"width":800,"height":384,"url":"https:\/\/vagasdecursos.com\/wp-content\/uploads\/sites\/112\/2024\/08\/Curriculum-Excepcional-2.png","type":"image\/png"}],"author":"Julia Bermudez","twitter_card":"summary_large_image","twitter_misc":{"Written by":"Julia Bermudez","Est. reading time":"5 minutos"},"schema":{"@context":"https:\/\/schema.org","@graph":[{"@type":"WebPage","@id":"https:\/\/vagasdecursos.com\/como-elaborar-un-curriculum-excepcional\/","url":"https:\/\/vagasdecursos.com\/como-elaborar-un-curriculum-excepcional\/","name":"Curr\u00edculum Excepcional: Estrategias para Destacarse en 2024 - Vagas de Cursos","isPartOf":{"@id":"https:\/\/vagasdecursos.com\/#website"},"primaryImageOfPage":{"@id":"https:\/\/vagasdecursos.com\/como-elaborar-un-curriculum-excepcional\/#primaryimage"},"image":{"@id":"https:\/\/vagasdecursos.com\/como-elaborar-un-curriculum-excepcional\/#primaryimage"},"thumbnailUrl":"https:\/\/vagasdecursos.com\/wp-content\/uploads\/sites\/112\/2024\/08\/Curriculum-Excepcional-2.png","datePublished":"2024-08-05T19:21:53+00:00","dateModified":"2025-04-25T01:12:43+00:00","author":{"@id":"https:\/\/vagasdecursos.com\/#\/schema\/person\/2688ca21b7b97a266539a00d04ac6f44"},"description":"\u00bfQuieres destacar en el mercado laboral? Aprende c\u00f3mo elaborar un curr\u00edculum excepcional y aumente tus posibilidades de conseguir entrevistas.","breadcrumb":{"@id":"https:\/\/vagasdecursos.com\/como-elaborar-un-curriculum-excepcional\/#breadcrumb"},"inLanguage":"pt-BR","potentialAction":[{"@type":"ReadAction","target":["https:\/\/vagasdecursos.com\/como-elaborar-un-curriculum-excepcional\/"]}]},{"@type":"ImageObject","inLanguage":"pt-BR","@id":"https:\/\/vagasdecursos.com\/como-elaborar-un-curriculum-excepcional\/#primaryimage","url":"https:\/\/vagasdecursos.com\/wp-content\/uploads\/sites\/112\/2024\/08\/Curriculum-Excepcional-2.png","contentUrl":"https:\/\/vagasdecursos.com\/wp-content\/uploads\/sites\/112\/2024\/08\/Curriculum-Excepcional-2.png","width":800,"height":384,"caption":"Fuente: Canva Pro."},{"@type":"BreadcrumbList","@id":"https:\/\/vagasdecursos.com\/como-elaborar-un-curriculum-excepcional\/#breadcrumb","itemListElement":[{"@type":"ListItem","position":1,"name":"Home","item":"https:\/\/vagasdecursos.com\/"},{"@type":"ListItem","position":2,"name":"Curr\u00edculum Excepcional: Estrategias para Destacarse en 2024"}]},{"@type":"WebSite","@id":"https:\/\/vagasdecursos.com\/#website","url":"https:\/\/vagasdecursos.com\/","name":"Vagas de Cursos","description":"","potentialAction":[{"@type":"SearchAction","target":{"@type":"EntryPoint","urlTemplate":"https:\/\/vagasdecursos.com\/?s={search_term_string}"},"query-input":"required name=search_term_string"}],"inLanguage":"pt-BR"},{"@type":"Person","@id":"https:\/\/vagasdecursos.com\/#\/schema\/person\/2688ca21b7b97a266539a00d04ac6f44","name":"Julia Bermudez","image":{"@type":"ImageObject","inLanguage":"pt-BR","@id":"https:\/\/vagasdecursos.com\/#\/schema\/person\/image\/","url":"https:\/\/secure.gravatar.com\/avatar\/730b4565e517c1fbb8f4311793aaad25?s=96&d=mm&r=g","contentUrl":"https:\/\/secure.gravatar.com\/avatar\/730b4565e517c1fbb8f4311793aaad25?s=96&d=mm&r=g","caption":"Julia Bermudez"},"url":"https:\/\/vagasdecursos.com\/pt\/author\/julia-bermudez\/"}]}},"_links":{"self":[{"href":"https:\/\/vagasdecursos.com\/pt\/wp-json\/wp\/v2\/posts\/4841"}],"collection":[{"href":"https:\/\/vagasdecursos.com\/pt\/wp-json\/wp\/v2\/posts"}],"about":[{"href":"https:\/\/vagasdecursos.com\/pt\/wp-json\/wp\/v2\/types\/post"}],"author":[{"embeddable":true,"href":"https:\/\/vagasdecursos.com\/pt\/wp-json\/wp\/v2\/users\/17"}],"replies":[{"embeddable":true,"href":"https:\/\/vagasdecursos.com\/pt\/wp-json\/wp\/v2\/comments?post=4841"}],"version-history":[{"count":1,"href":"https:\/\/vagasdecursos.com\/pt\/wp-json\/wp\/v2\/posts\/4841\/revisions"}],"predecessor-version":[{"id":5782,"href":"https:\/\/vagasdecursos.com\/pt\/wp-json\/wp\/v2\/posts\/4841\/revisions\/5782"}],"wp:featuredmedia":[{"embeddable":true,"href":"https:\/\/vagasdecursos.com\/pt\/wp-json\/wp\/v2\/media\/4849"}],"wp:attachment":[{"href":"https:\/\/vagasdecursos.com\/pt\/wp-json\/wp\/v2\/media?parent=4841"}],"wp:term":[{"taxonomy":"category","embeddable":true,"href":"https:\/\/vagasdecursos.com\/pt\/wp-json\/wp\/v2\/categories?post=4841"},{"taxonomy":"post_tag","embeddable":true,"href":"https:\/\/vagasdecursos.com\/pt\/wp-json\/wp\/v2\/tags?post=4841"}],"curies":[{"name":"wp","href":"https:\/\/api.w.org\/{rel}","templated":true}]}}