{"id":6745,"date":"2025-11-10T10:15:00","date_gmt":"2025-11-10T10:15:00","guid":{"rendered":"https:\/\/vagasdecursos.com\/4bcb129d-3f35-41f2-ab6d-81f56f40cdaa\/"},"modified":"2025-11-10T10:15:09","modified_gmt":"2025-11-10T10:15:09","slug":"4bcb129d-3f35-41f2-ab6d-81f56f40cdaa","status":"publish","type":"post","link":"https:\/\/vagasdecursos.com\/pt\/4bcb129d-3f35-41f2-ab6d-81f56f40cdaa\/","title":{"rendered":"Vendedor Integral CLT \u2013 Sal\u00e1rio Competitivo e Benef\u00edcios Atrativos"},"content":{"rendered":"<div class=\"mx-5 sm:mx-0 prose text-left mb-5\">\n<\/p>\n<div style=\"background: #ffffff; border-radius: 12px; box-shadow: 0 10px 30px rgba(0, 0, 0, 0.1); width: 100%; max-width: 340px; padding: 25px; transition: transform 0.3s ease-in-out; overflow: visible; display: flex; flex-direction: column; position: relative; border: 1px solid #28a745; margin-top: 70px; margin-bottom: 50px; margin-left: auto; margin-right: auto;\">\n<div style=\"position: absolute; top: -35px; right: 15px; color: #28a745; padding: 5px 10px; border-radius: 6px; font-size: 14px; font-weight: bold; display: flex; align-items: center; z-index: 10;\">Recomendado para voc\u00ea<\/div>\n<div data-namespace-header=\"\" style=\"\">\n<h3 data-namespace-title=\"\" style=\"color: #333; font-size: 20px; font-weight: bold; text-align: left; margin-right: 50px; min-height: 50px; margin-top: 0px;\">Vendedor<\/h3>\n<\/p><\/div>\n<p data-namespace-prompt=\"\" style=\"font-size: 16px; color: #666; margin-bottom: 20px; line-height: 1.5; flex-grow: 1; text-align: left; margin-top: 0px;\">Vaga presencial para atua\u00e7\u00e3o no setor comercial, sal\u00e1rio de R$1.800 at\u00e9 R$2.300, benef\u00edcios completos, ambiente colaborativo e plano de carreira.<\/p>\n<p>    <a data-namespace-url=\"\" href=\"https:\/\/vagasdecursos.com\/pt\/redirect\/?https:\/\/vagasidealembreagem.vagas.solides.com.br\/vaga\/436405?utm_campaign=google_jobs_apply&#038;utm_source=google_jobs_apply&#038;utm_medium=organic\" style=\"width: 100%; display: inline-block; color: white; text-decoration: none; border-radius: 6px; font-size: 16px; font-weight: bold; text-align: center; transition: transform 0.3s ease, background 0.3s ease; margin-top: auto;\" data-namespace-id=\"5c0d2565-3ba9-4280-a382-ad2a691e2285\"><br \/>\n        <button style=\"width: 100%; height: 55px; background: #e9e9ed; border: 1px solid black; color: black;\">Candidatar agora<\/button><br \/>\n    <\/a><br \/>\n    <small style=\"margin-top: 10px; color: #777; font-size: 12px; text-align: center; display: block;\">Voc\u00ea ser\u00e1 redirecionado para outro site<\/small>\n<\/div>\n<p>Esta vaga para vendedor integral oferece sal\u00e1rio fixo entre R$1.800 e R$2.300, contrata\u00e7\u00e3o CLT e interessante pacote de benef\u00edcios. O ambiente \u00e9 profissional e receptivo, ideal tanto para quem busca o primeiro desafio quanto para quem j\u00e1 tem experi\u00eancia comercial.<\/p>\n<h2>Responsabilidades e Rotina do Cargo<\/h2>\n<p>No dia a dia, o vendedor realiza atendimento presencial e telef\u00f4nico aos clientes, focando tanto na venda de pe\u00e7as quanto na de servi\u00e7os automotivos.<\/p>\n<p>Prospec\u00e7\u00e3o de novos clientes, an\u00e1lise de perfil de compradores e participa\u00e7\u00e3o estrat\u00e9gica em campanhas s\u00e3o atividades fundamentais.<\/p>\n<p>A vaga exige conhecimento b\u00e1sico de pacote Office, experi\u00eancia comercial e boa comunica\u00e7\u00e3o. Desenvolver estrat\u00e9gias para atingir metas tamb\u00e9m faz parte das fun\u00e7\u00f5es di\u00e1rias.<\/p>\n<p>Outro ponto importante \u00e9 o suporte ao caixa, quando necess\u00e1rio, praticando multitarefas em ambiente colaborativo.<\/p>\n<p>O contato direto com o cliente exige postura simp\u00e1tica, dedica\u00e7\u00e3o e foco em resultados.<\/p>\n<h2>Principais Vantagens<\/h2>\n<p>Entre os pontos fortes, destacam-se o sal\u00e1rio competitivo, estabilidade CLT, comiss\u00e3o por resultado e um amplo pacote de benef\u00edcios como cesta b\u00e1sica, vale transporte, caf\u00e9 da manh\u00e3 e conv\u00eanio com farm\u00e1cia.<\/p>\n<p>Funcion\u00e1rios contam, ainda, com oportunidades claras de crescimento, gra\u00e7as ao plano de carreira oferecido.<\/p>\n<h2>Pontos de Aten\u00e7\u00e3o<\/h2>\n<p>Como em outras vagas comerciais, as metas podem ser desafiadoras, exigindo resili\u00eancia e dedica\u00e7\u00e3o constantes.<\/p>\n<p>O atendimento ao p\u00fablico tamb\u00e9m requer jogo de cintura e disposi\u00e7\u00e3o para lidar com demandas diversas em ritmo intenso.<\/p>\n<h2>Veredito<\/h2>\n<p>Para quem gosta de desafios e crescimento profissional, esta vaga apresenta equil\u00edbrio entre remunera\u00e7\u00e3o, benef\u00edcios e ambiente saud\u00e1vel. A indica\u00e7\u00e3o final \u00e9 positiva para profissionais de perfil comercial.<\/p>\n<div style=\"background: #ffffff; border-radius: 12px; box-shadow: 0 10px 30px rgba(0, 0, 0, 0.1); width: 100%; max-width: 340px; padding: 25px; transition: transform 0.3s ease-in-out; overflow: visible; display: flex; flex-direction: column; position: relative; border: 1px solid #28a745; margin-top: 70px; margin-bottom: 50px; margin-left: auto; margin-right: auto;\">\n<div style=\"position: absolute; top: -35px; right: 15px; color: #28a745; padding: 5px 10px; border-radius: 6px; font-size: 14px; font-weight: bold; display: flex; align-items: center; z-index: 10;\">Recomendado para voc\u00ea<\/div>\n<div data-namespace-header=\"\" style=\"\">\n<h3 data-namespace-title=\"\" style=\"color: #333; font-size: 20px; font-weight: bold; text-align: left; margin-right: 50px; min-height: 50px; margin-top: 0px;\">Vendedor<\/h3>\n<\/p><\/div>\n<p data-namespace-prompt=\"\" style=\"font-size: 16px; color: #666; margin-bottom: 20px; line-height: 1.5; flex-grow: 1; text-align: left; margin-top: 0px;\">Vaga presencial para atua\u00e7\u00e3o no setor comercial, sal\u00e1rio de R$1.800 at\u00e9 R$2.300, benef\u00edcios completos, ambiente colaborativo e plano de carreira.<\/p>\n<p>    <a data-namespace-url=\"\" href=\"https:\/\/vagasdecursos.com\/pt\/redirect\/?https:\/\/vagasidealembreagem.vagas.solides.com.br\/vaga\/436405?utm_campaign=google_jobs_apply&#038;utm_source=google_jobs_apply&#038;utm_medium=organic\" style=\"width: 100%; display: inline-block; color: white; text-decoration: none; border-radius: 6px; font-size: 16px; font-weight: bold; text-align: center; transition: transform 0.3s ease, background 0.3s ease; margin-top: auto;\" data-namespace-id=\"5c0d2565-3ba9-4280-a382-ad2a691e2285\"><br \/>\n        <button style=\"width: 100%; height: 55px; background: #e9e9ed; border: 1px solid black; color: black;\">Candidatar agora<\/button><br \/>\n    <\/a><br \/>\n    <small style=\"margin-top: 10px; color: #777; font-size: 12px; text-align: center; display: block;\">Voc\u00ea ser\u00e1 redirecionado para outro site<\/small>\n<\/div>\n<\/div>","protected":false},"excerpt":{"rendered":"<p>Confira os detalhes da vaga para Vendedor CLT com sal\u00e1rio at\u00e9 R$2.300 e benef\u00edcios atrativos. Saiba mais sobre as vantagens, desafios e veja nosso veredito!<\/p>","protected":false},"author":3,"featured_media":0,"comment_status":"open","ping_status":"open","sticky":false,"template":"","format":"standard","meta":{"footnotes":""},"categories":[12],"tags":[],"yoast_head":"<!-- This site is optimized with the Yoast SEO plugin v23.3 - https:\/\/yoast.com\/wordpress\/plugins\/seo\/ -->\n<title>Vendedor Integral CLT \u2013 Sal\u00e1rio Competitivo e Benef\u00edcios Atrativos - Vagas de Cursos<\/title>\n<meta name=\"robots\" content=\"index, follow, max-snippet:-1, max-image-preview:large, max-video-preview:-1\" \/>\n<link rel=\"canonical\" href=\"https:\/\/vagasdecursos.com\/pt\/4bcb129d-3f35-41f2-ab6d-81f56f40cdaa\/\" \/>\n<meta property=\"og:locale\" content=\"pt_BR\" \/>\n<meta property=\"og:type\" content=\"article\" \/>\n<meta property=\"og:title\" content=\"Vendedor Integral CLT \u2013 Sal\u00e1rio Competitivo e Benef\u00edcios Atrativos - Vagas de Cursos\" \/>\n<meta property=\"og:description\" content=\"Confira os detalhes da vaga para Vendedor CLT com sal\u00e1rio at\u00e9 R$2.300 e benef\u00edcios atrativos. Saiba mais sobre as vantagens, desafios e veja nosso veredito!\" \/>\n<meta property=\"og:url\" content=\"https:\/\/vagasdecursos.com\/pt\/4bcb129d-3f35-41f2-ab6d-81f56f40cdaa\/\" \/>\n<meta property=\"og:site_name\" content=\"Vagas de Cursos\" \/>\n<meta property=\"article:published_time\" content=\"2025-11-10T10:15:00+00:00\" \/>\n<meta property=\"article:modified_time\" content=\"2025-11-10T10:15:09+00:00\" \/>\n<meta name=\"author\" content=\"Bruno Gianni\" \/>\n<meta name=\"twitter:card\" content=\"summary_large_image\" \/>\n<meta name=\"twitter:label1\" content=\"Written by\" \/>\n\t<meta name=\"twitter:data1\" content=\"Bruno Gianni\" \/>\n\t<meta name=\"twitter:label2\" content=\"Est. reading time\" \/>\n\t<meta name=\"twitter:data2\" content=\"2 minutos\" \/>\n<script type=\"application\/ld+json\" class=\"yoast-schema-graph\">{\"@context\":\"https:\/\/schema.org\",\"@graph\":[{\"@type\":\"WebPage\",\"@id\":\"https:\/\/vagasdecursos.com\/4bcb129d-3f35-41f2-ab6d-81f56f40cdaa\/\",\"url\":\"https:\/\/vagasdecursos.com\/4bcb129d-3f35-41f2-ab6d-81f56f40cdaa\/\",\"name\":\"Vendedor Integral CLT \u2013 Sal\u00e1rio Competitivo e Benef\u00edcios Atrativos - Vagas de Cursos\",\"isPartOf\":{\"@id\":\"https:\/\/vagasdecursos.com\/#website\"},\"datePublished\":\"2025-11-10T10:15:00+00:00\",\"dateModified\":\"2025-11-10T10:15:09+00:00\",\"author\":{\"@id\":\"https:\/\/vagasdecursos.com\/#\/schema\/person\/d52888235fd6563bd07d97185d6a61e4\"},\"breadcrumb\":{\"@id\":\"https:\/\/vagasdecursos.com\/4bcb129d-3f35-41f2-ab6d-81f56f40cdaa\/#breadcrumb\"},\"inLanguage\":\"pt-BR\",\"potentialAction\":[{\"@type\":\"ReadAction\",\"target\":[\"https:\/\/vagasdecursos.com\/4bcb129d-3f35-41f2-ab6d-81f56f40cdaa\/\"]}]},{\"@type\":\"BreadcrumbList\",\"@id\":\"https:\/\/vagasdecursos.com\/4bcb129d-3f35-41f2-ab6d-81f56f40cdaa\/#breadcrumb\",\"itemListElement\":[{\"@type\":\"ListItem\",\"position\":1,\"name\":\"Home\",\"item\":\"https:\/\/vagasdecursos.com\/\"},{\"@type\":\"ListItem\",\"position\":2,\"name\":\"Vendedor Integral CLT \u2013 Sal\u00e1rio Competitivo e Benef\u00edcios Atrativos\"}]},{\"@type\":\"WebSite\",\"@id\":\"https:\/\/vagasdecursos.com\/#website\",\"url\":\"https:\/\/vagasdecursos.com\/\",\"name\":\"Vagas de Cursos\",\"description\":\"\",\"potentialAction\":[{\"@type\":\"SearchAction\",\"target\":{\"@type\":\"EntryPoint\",\"urlTemplate\":\"https:\/\/vagasdecursos.com\/?s={search_term_string}\"},\"query-input\":\"required name=search_term_string\"}],\"inLanguage\":\"pt-BR\"},{\"@type\":\"Person\",\"@id\":\"https:\/\/vagasdecursos.com\/#\/schema\/person\/d52888235fd6563bd07d97185d6a61e4\",\"name\":\"Bruno Gianni\",\"image\":{\"@type\":\"ImageObject\",\"inLanguage\":\"pt-BR\",\"@id\":\"https:\/\/vagasdecursos.com\/#\/schema\/person\/image\/\",\"url\":\"https:\/\/secure.gravatar.com\/avatar\/0f5d42d7bf77874643c1478932860e3f?s=96&d=mm&r=g\",\"contentUrl\":\"https:\/\/secure.gravatar.com\/avatar\/0f5d42d7bf77874643c1478932860e3f?s=96&d=mm&r=g\",\"caption\":\"Bruno Gianni\"},\"description\":\"Bruno writes the way he lives, with curiosity, care, and respect for people. He likes to observe, listen, and try to understand what is happening on the other side before putting any words on the page.For him, writing is not about impressing, but about getting closer. It is about turning thoughts into something simple, clear, and real. Every text is an ongoing conversation, created with care and honesty, with the sincere intention of touching someone, somewhere along the way.\",\"url\":\"https:\/\/vagasdecursos.com\/pt\/author\/bcgianni\/\"}]}<\/script>\n<!-- \/ Yoast SEO plugin. -->","yoast_head_json":{"title":"Vendedor Integral CLT \u2013 Sal\u00e1rio Competitivo e Benef\u00edcios Atrativos - Vagas de Cursos","robots":{"index":"index","follow":"follow","max-snippet":"max-snippet:-1","max-image-preview":"max-image-preview:large","max-video-preview":"max-video-preview:-1"},"canonical":"https:\/\/vagasdecursos.com\/pt\/4bcb129d-3f35-41f2-ab6d-81f56f40cdaa\/","og_locale":"pt_BR","og_type":"article","og_title":"Vendedor Integral CLT \u2013 Sal\u00e1rio Competitivo e Benef\u00edcios Atrativos - Vagas de Cursos","og_description":"Confira os detalhes da vaga para Vendedor CLT com sal\u00e1rio at\u00e9 R$2.300 e benef\u00edcios atrativos. Saiba mais sobre as vantagens, desafios e veja nosso veredito!","og_url":"https:\/\/vagasdecursos.com\/pt\/4bcb129d-3f35-41f2-ab6d-81f56f40cdaa\/","og_site_name":"Vagas de Cursos","article_published_time":"2025-11-10T10:15:00+00:00","article_modified_time":"2025-11-10T10:15:09+00:00","author":"Bruno Gianni","twitter_card":"summary_large_image","twitter_misc":{"Written by":"Bruno Gianni","Est. reading time":"2 minutos"},"schema":{"@context":"https:\/\/schema.org","@graph":[{"@type":"WebPage","@id":"https:\/\/vagasdecursos.com\/4bcb129d-3f35-41f2-ab6d-81f56f40cdaa\/","url":"https:\/\/vagasdecursos.com\/4bcb129d-3f35-41f2-ab6d-81f56f40cdaa\/","name":"Vendedor Integral CLT \u2013 Sal\u00e1rio Competitivo e Benef\u00edcios Atrativos - Vagas de Cursos","isPartOf":{"@id":"https:\/\/vagasdecursos.com\/#website"},"datePublished":"2025-11-10T10:15:00+00:00","dateModified":"2025-11-10T10:15:09+00:00","author":{"@id":"https:\/\/vagasdecursos.com\/#\/schema\/person\/d52888235fd6563bd07d97185d6a61e4"},"breadcrumb":{"@id":"https:\/\/vagasdecursos.com\/4bcb129d-3f35-41f2-ab6d-81f56f40cdaa\/#breadcrumb"},"inLanguage":"pt-BR","potentialAction":[{"@type":"ReadAction","target":["https:\/\/vagasdecursos.com\/4bcb129d-3f35-41f2-ab6d-81f56f40cdaa\/"]}]},{"@type":"BreadcrumbList","@id":"https:\/\/vagasdecursos.com\/4bcb129d-3f35-41f2-ab6d-81f56f40cdaa\/#breadcrumb","itemListElement":[{"@type":"ListItem","position":1,"name":"Home","item":"https:\/\/vagasdecursos.com\/"},{"@type":"ListItem","position":2,"name":"Vendedor Integral CLT \u2013 Sal\u00e1rio Competitivo e Benef\u00edcios Atrativos"}]},{"@type":"WebSite","@id":"https:\/\/vagasdecursos.com\/#website","url":"https:\/\/vagasdecursos.com\/","name":"Vagas de Cursos","description":"","potentialAction":[{"@type":"SearchAction","target":{"@type":"EntryPoint","urlTemplate":"https:\/\/vagasdecursos.com\/?s={search_term_string}"},"query-input":"required name=search_term_string"}],"inLanguage":"pt-BR"},{"@type":"Person","@id":"https:\/\/vagasdecursos.com\/#\/schema\/person\/d52888235fd6563bd07d97185d6a61e4","name":"Bruno Gianni","image":{"@type":"ImageObject","inLanguage":"pt-BR","@id":"https:\/\/vagasdecursos.com\/#\/schema\/person\/image\/","url":"https:\/\/secure.gravatar.com\/avatar\/0f5d42d7bf77874643c1478932860e3f?s=96&d=mm&r=g","contentUrl":"https:\/\/secure.gravatar.com\/avatar\/0f5d42d7bf77874643c1478932860e3f?s=96&d=mm&r=g","caption":"Bruno Gianni"},"description":"Bruno writes the way he lives, with curiosity, care, and respect for people. He likes to observe, listen, and try to understand what is happening on the other side before putting any words on the page.For him, writing is not about impressing, but about getting closer. It is about turning thoughts into something simple, clear, and real. Every text is an ongoing conversation, created with care and honesty, with the sincere intention of touching someone, somewhere along the way.","url":"https:\/\/vagasdecursos.com\/pt\/author\/bcgianni\/"}]}},"_links":{"self":[{"href":"https:\/\/vagasdecursos.com\/pt\/wp-json\/wp\/v2\/posts\/6745"}],"collection":[{"href":"https:\/\/vagasdecursos.com\/pt\/wp-json\/wp\/v2\/posts"}],"about":[{"href":"https:\/\/vagasdecursos.com\/pt\/wp-json\/wp\/v2\/types\/post"}],"author":[{"embeddable":true,"href":"https:\/\/vagasdecursos.com\/pt\/wp-json\/wp\/v2\/users\/3"}],"replies":[{"embeddable":true,"href":"https:\/\/vagasdecursos.com\/pt\/wp-json\/wp\/v2\/comments?post=6745"}],"version-history":[{"count":1,"href":"https:\/\/vagasdecursos.com\/pt\/wp-json\/wp\/v2\/posts\/6745\/revisions"}],"predecessor-version":[{"id":6752,"href":"https:\/\/vagasdecursos.com\/pt\/wp-json\/wp\/v2\/posts\/6745\/revisions\/6752"}],"wp:attachment":[{"href":"https:\/\/vagasdecursos.com\/pt\/wp-json\/wp\/v2\/media?parent=6745"}],"wp:term":[{"taxonomy":"category","embeddable":true,"href":"https:\/\/vagasdecursos.com\/pt\/wp-json\/wp\/v2\/categories?post=6745"},{"taxonomy":"post_tag","embeddable":true,"href":"https:\/\/vagasdecursos.com\/pt\/wp-json\/wp\/v2\/tags?post=6745"}],"curies":[{"name":"wp","href":"https:\/\/api.w.org\/{rel}","templated":true}]}}